{"id":12378,"date":"2014-01-02T15:51:43","date_gmt":"2014-01-02T20:51:43","guid":{"rendered":"http:\/\/intervallenato.com\/inicio\/?p=12378"},"modified":"2014-01-02T15:51:43","modified_gmt":"2014-01-02T20:51:43","slug":"martin-elias-y-juancho-de-la-espriella-regresan-a-los-escenarios-y-desean-un-feliz-ano-2014","status":"publish","type":"post","link":"http:\/\/intervallenato.com\/inicio\/martin-elias-y-juancho-de-la-espriella-regresan-a-los-escenarios-y-desean-un-feliz-ano-2014\/","title":{"rendered":"Mart\u00edn El\u00edas y Juancho de la Espriella regresan a los escenarios y desean un feliz a\u00f1o 2014"},"content":{"rendered":"<p style=\"text-align: justify;\"><span lang=\"EN-US\" style=\"line-height: 18px; font-size: 12pt;\">El Gran Martin Elias &amp; Juancho de La Espriella&nbsp; expresan&nbsp; sus sinceros agradecimientos a todos sus seguidores, colegas, medios de comunicaci&oacute;n de Colombia y el mundo por la solidaridad ,el amor y el apoyo&nbsp; que han tenido ante&nbsp; el fallecimiento de nuestro m&aacute;ximo exponente del folclor Vallenato &ldquo;Diomedes Diaz&rdquo;.<\/span><\/p>\n<p style=\"text-align: justify;\"><span id=\"yui_3_13_0_ym1_1_1388692741399_13925\" lang=\"EN-US\" style=\"line-height: 18px; font-size: 12pt;\">La pareja musical&nbsp; conscientes de su compromiso con su p&uacute;blico y con la responsabilidad de seguir el legado musical que les dejo&rdquo; El Cacique&rdquo; continuaran sus presentaciones a partir del 3 de enero de 2014 brindando lo mejor de su talento&nbsp; en los diferentes escenarios donde son aclamados por sus miles de seguidores, quienes con su apoyo los motivan cada vez m&aacute;s&nbsp; a seguir dejando en alto nuestro folclor.<\/span><\/p>\n<p style=\"text-align: justify;\"><span id=\"yui_3_13_0_ym1_1_1388692741399_13925\" lang=\"EN-US\" style=\"line-height: 18px; font-size: 12pt;\">El Gran Martin Elias &amp; Juancho&nbsp; les desea un Feliz A&ntilde;o nuevo, que el 2014 est&eacute; cargado de muchas Bendiciones y que juntos podamos continuar llevando alegr&iacute;a con nuestra m&uacute;sica vallenata.<\/span><\/p>\n<p><span id=\"yui_3_13_0_ym1_1_1388692741399_13925\" lang=\"EN-US\" style=\"line-height: 18px; font-size: 12pt;\"><strong>&iexcl;FELIZ A&Ntilde;O 2014!<\/strong><\/span><\/p>\n<p><span id=\"yui_3_13_0_ym1_1_1388692741399_13925\" lang=\"EN-US\" style=\"line-height: 18px; font-size: 12pt;\"><strong>GIRA MUSICAL<\/strong><\/span><\/p>\n<p><span id=\"yui_3_13_0_ym1_1_1388692741399_13925\" lang=\"EN-US\" style=\"line-height: 18px; font-size: 12pt;\">Viernes&nbsp;&nbsp; 3: San Gil, Santander<\/span><\/p>\n<p><span id=\"yui_3_13_0_ym1_1_1388692741399_13925\" lang=\"EN-US\" style=\"line-height: 18px; font-size: 12pt;\">Sabado&nbsp;&nbsp; 4: Oca&ntilde;a, Norte de Santander<\/span><\/p>\n<p><span id=\"yui_3_13_0_ym1_1_1388692741399_13925\" lang=\"EN-US\" style=\"line-height: 18px; font-size: 12pt;\">Domingo 5: La Vega, Cundinamarca<\/span><\/p>\n<p><span id=\"yui_3_13_0_ym1_1_1388692741399_13925\" lang=\"EN-US\" style=\"line-height: 18px; font-size: 12pt;\">Lunes&nbsp;&nbsp;&nbsp;&nbsp; 6: Mesitas del Colegio, Cundinamarca<\/span><\/p>\n<p><span id=\"yui_3_13_0_ym1_1_1388692741399_13925\" lang=\"EN-US\" style=\"line-height: 18px; font-size: 12pt;\">&nbsp;&nbsp;&nbsp;&nbsp;&nbsp;&nbsp;&nbsp;&nbsp;&nbsp;&nbsp;&nbsp;&nbsp;&nbsp;&nbsp;&nbsp;&nbsp;&nbsp; Apulo, Cundinamarca<\/span><\/p>\n<p>&nbsp;<\/p>\n<p><span id=\"yui_3_13_0_ym1_1_1388692741399_13925\" lang=\"EN-US\" style=\"line-height: 18px; font-size: 12pt;\">Harold Becerra<\/span><\/p>\n<p><span id=\"yui_3_13_0_ym1_1_1388692741399_13925\" lang=\"EN-US\" style=\"line-height: 18px; font-size: 12pt;\">Manager General]<br \/>\n\tCel: 3008144653 &ndash; 3145927312<br \/>\n\tTw: @HaroldBecerra<br \/>\n\tE-mail: <a href=\"mailto:harold.becerra@hotmail.com\">harold.becerra@hotmail.com<\/a><\/span><\/p>\n<p>&nbsp;<\/p>\n<p><span id=\"yui_3_13_0_ym1_1_1388692741399_13925\" lang=\"EN-US\" style=\"line-height: 18px; font-size: 12pt;\">Paulo Alba &#39;Peluka&#39;<\/span><\/p>\n<p><span id=\"yui_3_13_0_ym1_1_1388692741399_13925\" lang=\"EN-US\" style=\"line-height: 18px; font-size: 12pt;\">Manager<\/span><\/p>\n<p><span id=\"yui_3_13_0_ym1_1_1388692741399_13925\" lang=\"EN-US\" style=\"line-height: 18px; font-size: 12pt;\">Cel: 3005022000 &#8211; 3135175251<\/span><\/p>\n<p><span id=\"yui_3_13_0_ym1_1_1388692741399_13925\" lang=\"EN-US\" style=\"line-height: 18px; font-size: 12pt;\">Tw: @PauloAlbaPeluk<\/span><\/p>\n<p><span id=\"yui_3_13_0_ym1_1_1388692741399_13925\" lang=\"EN-US\" style=\"line-height: 18px; font-size: 12pt;\">E-mail: <a href=\"mailto:pelukmanager@gmail.com\">pelukmanager@gmail.com<\/a><\/span><\/p>\n<p>&nbsp;<\/p>\n<p><span id=\"yui_3_13_0_ym1_1_1388692741399_13925\" lang=\"EN-US\" style=\"line-height: 18px; font-size: 12pt;\">Paola Llanos<\/span><\/p>\n<p><span id=\"yui_3_13_0_ym1_1_1388692741399_13925\" lang=\"EN-US\" style=\"line-height: 18px; font-size: 12pt;\">Jefe de Prensa y Comunicaciones<\/span><\/p>\n<p><span id=\"yui_3_13_0_ym1_1_1388692741399_13925\" lang=\"EN-US\" style=\"line-height: 18px; font-size: 12pt;\">Tw: @PrensaMyJ<\/span><\/p>\n<p><span id=\"yui_3_13_0_ym1_1_1388692741399_13925\" lang=\"EN-US\" style=\"line-height: 18px; font-size: 12pt;\">E-mail: <a href=\"mailto:prensamartinyjuancho@gmail.com\">prensamartinyjuancho@gmail.com<\/a><\/span><\/p>\n<p id=\"yui_3_13_0_ym1_1_1388692741399_13898\" style=\"color: rgb(68, 68, 68); line-height: 21px; font-size: 15px; margin-bottom: 1.35em;\">&nbsp;<\/p>\n","protected":false},"excerpt":{"rendered":"<p>El Gran Martin Elias &amp; Juancho de La Espriella&nbsp; expresan&nbsp; sus sinceros agradecimientos a todos sus seguidores, colegas, medios de comunicaci&oacute;n de Colombia y el mundo por la solidaridad ,el amor y el apoyo&nbsp; que han tenido ante&nbsp; el fallecimiento de nuestro m&aacute;ximo exponente del folclor Vallenato &ldquo;Diomedes Diaz&rdquo;. La pareja musical&nbsp; conscientes de su [&hellip;]<\/p>\n","protected":false},"author":2,"featured_media":12379,"comment_status":"open","ping_status":"open","sticky":false,"template":"","format":"standard","meta":{"footnotes":""},"categories":[1],"tags":[],"_links":{"self":[{"href":"http:\/\/intervallenato.com\/inicio\/wp-json\/wp\/v2\/posts\/12378"}],"collection":[{"href":"http:\/\/intervallenato.com\/inicio\/wp-json\/wp\/v2\/posts"}],"about":[{"href":"http:\/\/intervallenato.com\/inicio\/wp-json\/wp\/v2\/types\/post"}],"author":[{"embeddable":true,"href":"http:\/\/intervallenato.com\/inicio\/wp-json\/wp\/v2\/users\/2"}],"replies":[{"embeddable":true,"href":"http:\/\/intervallenato.com\/inicio\/wp-json\/wp\/v2\/comments?post=12378"}],"version-history":[{"count":1,"href":"http:\/\/intervallenato.com\/inicio\/wp-json\/wp\/v2\/posts\/12378\/revisions"}],"predecessor-version":[{"id":12380,"href":"http:\/\/intervallenato.com\/inicio\/wp-json\/wp\/v2\/posts\/12378\/revisions\/12380"}],"wp:featuredmedia":[{"embeddable":true,"href":"http:\/\/intervallenato.com\/inicio\/wp-json\/wp\/v2\/media\/12379"}],"wp:attachment":[{"href":"http:\/\/intervallenato.com\/inicio\/wp-json\/wp\/v2\/media?parent=12378"}],"wp:term":[{"taxonomy":"category","embeddable":true,"href":"http:\/\/intervallenato.com\/inicio\/wp-json\/wp\/v2\/categories?post=12378"},{"taxonomy":"post_tag","embeddable":true,"href":"http:\/\/intervallenato.com\/inicio\/wp-json\/wp\/v2\/tags?post=12378"}],"curies":[{"name":"wp","href":"https:\/\/api.w.org\/{rel}","templated":true}]}}