{"id":14994,"date":"2015-01-08T22:51:23","date_gmt":"2015-01-09T03:51:23","guid":{"rendered":"http:\/\/intervallenato.com\/inicio\/?p=14994"},"modified":"2015-01-09T07:58:00","modified_gmt":"2015-01-09T12:58:00","slug":"giras-musicales-de-intervallenato-com-el-que-no-esta-aqui-no-esta-tocando-jueves-8-de-enero-de-2015","status":"publish","type":"post","link":"http:\/\/intervallenato.com\/inicio\/giras-musicales-de-intervallenato-com-el-que-no-esta-aqui-no-esta-tocando-jueves-8-de-enero-de-2015\/","title":{"rendered":"Giras Musicales de Intervallenato.com &#8211; El que NO est\u00e1 aqu\u00ed NO est\u00e1 tocando &#8211; jueves 8 de enero de 2015"},"content":{"rendered":"<p style=\"text-align: left;\" align=\"center\">Aqu\u00ed est\u00e1n las giras musicales de los mejores conjuntos del vallenato que actualmente se imponen en Colombia y en el mundo. Esta es una recopilaci\u00f3n informativa exclusiva de Intervallenato.com, para nuestros queridos lectores y medios asociados a La Red Mundial del Vallenato.<\/p>\n<p style=\"text-align: left;\"><b>EL QUE NO EST\u00c1 AQU\u00cd NO EST\u00c1 TOCANDO<\/b><\/p>\n<p><b>Informaci\u00f3n certificada<\/b><\/p>\n<p><b>CELEBRACI\u00d3N DE LOS 465 A\u00d1OS DE VALLEDUPAR<\/b><\/p>\n<p>Viernes 9 de enero:<\/p>\n<p>Bandas en la plaza Alfonso L\u00f3pez<\/p>\n<p>S\u00e1bado 10:<\/p>\n<p>Willie Col\u00f3n<\/p>\n<p>Peter Manjarrez<\/p>\n<p>Checo Acosta<\/p>\n<p>Silvio Brito<\/p>\n<p>Poncho Zuleta<\/p>\n<p>Elkin Uribe<\/p>\n<p>Lu\u00eds Felipe Gonz\u00e1lez<\/p>\n<p>Kevin Florez<\/p>\n<p>Los Juglares del Vallenato<\/p>\n<p>Checo Acosta<\/p>\n<p><b>LUFER CUELLO Y DANIEL MAESTRE<\/b><\/p>\n<p>Viernes 9 de enero: promoci\u00f3n su nuevo \u00e1lbum \u2018Te va gust\u00e1\u2019<\/p>\n<p><b>IV\u00c1N VILLAZ\u00d3N Y SA\u00daL LALLEMAND<\/b><\/p>\n<p>Viernes 9 de enero:\u00a0Santa Marta \u2013 evento social<\/p>\n<p>S\u00e1bado 10: Baranoa &#8211; Atl\u00e1ntico<\/p>\n<p>Domingo 11: Ci\u00e9naga de Oro &#8211; C\u00f3rdoba<\/p>\n<p><b>JORGE CELED\u00d3N Y GUSTAVO GARC\u00cdA<\/b><\/p>\n<p>Lunes 5 de enero: San Joaqu\u00edn \u2013 Cundinamarca<\/p>\n<p>Martes 6: Orito \u2013 Putumayo<\/p>\n<p>Domingo 11: Jenesano \u2013 Boyac\u00e1<\/p>\n<p><strong>LU\u00cdS MIGUEL FUENTES<\/strong><\/p>\n<p>Domingo 11 de enero: Alejandr\u00eda &#8211; Antioquia<\/p>\n<p><strong>BEIMAR TOLEDO<\/strong><\/p>\n<p>Viernes 9 de enero: Guadalupe \u2013 Santander<\/p>\n<p><strong>SANTY RODR\u00cdGUEZ Y JUANK RICARDO<\/strong><\/p>\n<p>Martes 13 al 17 de enero \u2013 Gira promocional<\/p>\n<p>Martes 13: lanzamiento novela de Diomedes D\u00edaz \u2013 Bogot\u00e1<\/p>\n<p>Mi\u00e9rcoles 14: Cartagena<\/p>\n<p>Jueves 15: Barranquilla<\/p>\n<p><b>GRUPO KVRASS<\/b><\/p>\n<p>Viernes 9 de enero: Ferias y fiestas, Puerto Gait\u00e1n \u2013 Meta<\/p>\n<p>S\u00e1bado 10: Feria Comercial y Ganadera, Oiba \u2013 Santander<\/p>\n<p>Domingo 11: Land\u00e1zuri &#8211;\u00a0Santander<\/p>\n<p><b>CAYITO DANGOND Y EIMAR MART\u00cdNEZ<\/b><\/p>\n<p>S\u00e1bado 10 de enero: Land\u00e1zuri \u2013 Santander \u2013 evento social<\/p>\n<p>Domingo 11: Bucaramanga \u2013 evento social<\/p>\n<p><b>FELIPE PALAEZ Y MANUEL JULI\u00c1N MART\u00cdNEZ<\/b><\/p>\n<p>Domingo 4 de enero: Popay\u00e1n<\/p>\n<p><b>MART\u00cdN EL\u00cdAS Y ROLANDO OCHOA<\/b><\/p>\n<p>Martes 6 de enero: Cartagena \u2013 Bol\u00edvar<\/p>\n<p>Viernes 9: La Escollera de El Rodadero \u2013 Santa Marta<\/p>\n<p>S\u00e1bado 10: Festival del Rio en Rionegro \u2013 Santander<\/p>\n<p>Domingo 11: Ci\u00e9naga de Oro \u2013 C\u00f3rdoba<\/p>\n<p><b>ELKIN URIBE Y PONCHITO MONSALVO<\/b><\/p>\n<p>S\u00e1bado 10 de enero: Parque de la Leyenda \u2013 Valledupar<\/p>\n<p><b>JORGE VALBUENA<\/b><\/p>\n<p>Viernes 9: cumplea\u00f1os de Jorge Valbuena<\/p>\n<p>Viernes 9: San Bernardo del Viento \u2013 C\u00f3rdoba<\/p>\n<p>S\u00e1bado 10: Magangu\u00e9 \u2013 Bol\u00edvar<\/p>\n<p>S\u00e1bado 10: Flor del Monte &#8211; Sucre<\/p>\n<p>Domingo 11: Montelibano \u2013 C\u00f3rdoba<\/p>\n<p>Domingo 11: Galeras \u2013 Sucre<\/p>\n<p><b>PETER MANJARRES Y SERGIO LU\u00cdS RODR\u00cdGUEZ<\/b><\/p>\n<p>S\u00e1bado 10 de enero: Parque de la Leyenda \u2013 Valledupar<\/p>\n<p>Domingo 11: Oiba \u2013 Santander<\/p>\n<p><b>FARID ORTIZ Y JADER DUR\u00c1N<\/b><\/p>\n<p>Viernes 9 d enero: Puerto Gait\u00e1n &#8211; Meta<\/p>\n<p>S\u00e1bado 10: Mesitas del Colegio \u2013 Cundinamarca<\/p>\n<p>Domingo 11: Man\u00ed &#8211; Casanare<\/p>\n<p><b>ANDR\u00c9S ARIZA VILLAZ\u00d3N Y JUAN JOS\u00c9 GRANADOS<\/b><\/p>\n<p>S\u00e1bado 10 de enero: Cartagena \u2013 evento social<\/p>\n<p><b>HEBERT VARGAS Y JOHN LOZANO<\/b><\/p>\n<p>S\u00e1bado 10 de enero: fiestas de Concordia \u2013Antioquia<\/p>\n<p>Domingo 11: San Pedro &#8211; Antioquia<\/p>\n<p><b>SILVESTRE DANGOND Y LUCAS DANGOND<\/b><\/p>\n<p>Jueves 8 de enero: Plaza de Bol\u00edvar &#8211; \u00a0Manizales<\/p>\n<p>Viernes 9: Estado Necocl\u00ed &#8211; Antioquia<\/p>\n<p>S\u00e1bado 10: Plaza de Toros \u2013 Barbosa &#8211; Santander<\/p>\n<p>Domingo 11: Plaza de Toros &#8211;\u00a0 Tausa &#8211; Cundinamarca<\/p>\n<p>Domingo 11: Estadio Municipal &#8211;\u00a0 Toca &#8211; Boyac\u00e1<\/p>\n<p>Lunes 12: Plaza de los Libertadores \u2013 Duitama &#8211; Boyac\u00e1<\/p>\n<p>Jueves 15 de enero: Aguazul &#8211; \u00a0Casanare<\/p>\n<p><b>LOS BETOS<\/b><\/p>\n<p><strong>S\u00e1bado 10 de enero: <\/strong>Club Naval, Cartagena \u2013 Bol\u00edvar<\/p>\n<p><strong>Domingo 11: C<\/strong>uruman\u00ed \u2013 Cesar \u2013 evento social<\/p>\n<p>ESTAMOS ACTUALIZANDO&#8230;.<\/p>\n<p><b>PAUL BOLA\u00d1O SAURITH<\/b><b><\/b><\/p>\n<p><a href=\"http:\/\/mc\/compose?to=paubol%40yahoo.com\" target=\"_blank\"><b>paubol@yahoo.com<\/b><\/a><b><\/b><\/p>\n<p><a href=\"tel:3157494904\" target=\"_blank\"><b>3157494904<\/b><\/a><b><\/b><\/p>\n<p><b>@paulbolano<\/b><b><\/b><\/p>\n<p><a href=\"http:\/\/www.intervallenato.com\/\" target=\"_blank\"><b>www.intervallenato.com<\/b><\/a><b><\/b><\/p>\n<p><b>@intervallenato<\/b><\/p>\n<p><b>Y RECUERDA\u2026.<\/b><\/p>\n<p><b>GIRAS MUSICALES DE INTERVALLENATO.COM<\/b><\/p>\n<p><b>EL QUE NO EST\u00c1 AQU\u00cd NO EST\u00c1 TOCANDO<\/b><\/p>\n<p><b>Esta informaci\u00f3n es enviada a la m\u00e1s grande base datos del vallenato:\u00a0<\/b><b><\/b><\/p>\n<p><b>Directores de radio<\/b><b><\/b><\/p>\n<p><b>Locutores<\/b><b><\/b><\/p>\n<p><b>Dj<\/b><b><\/b><\/p>\n<p><b>Gerentes de Compa\u00f1\u00edas disqueras<\/b><b><\/b><\/p>\n<p><b>Artistas<\/b><b><\/b><\/p>\n<p><b>Empresarios<\/b><b><\/b><\/p>\n<p><b>Festivales del Pa\u00eds<\/b><b><\/b><\/p>\n<p><b>Medios de comunicaci\u00f3n Colombia<\/b><b><\/b><\/p>\n<p><b>Red Mundial del Vallenato<\/b><b><\/b><\/p>\n<p><b>\u200b<\/b><b><\/b><\/p>\n","protected":false},"excerpt":{"rendered":"<p>Aqu\u00ed est\u00e1n las giras musicales de los mejores conjuntos del vallenato que actualmente se imponen en Colombia y en el mundo. Esta es una recopilaci\u00f3n informativa exclusiva de Intervallenato.com, para nuestros queridos lectores y medios asociados a La Red Mundial del Vallenato. EL QUE NO EST\u00c1 AQU\u00cd NO EST\u00c1 TOCANDO Informaci\u00f3n certificada CELEBRACI\u00d3N DE LOS [&hellip;]<\/p>\n","protected":false},"author":2,"featured_media":14995,"comment_status":"open","ping_status":"open","sticky":false,"template":"","format":"standard","meta":{"footnotes":""},"categories":[1],"tags":[],"_links":{"self":[{"href":"http:\/\/intervallenato.com\/inicio\/wp-json\/wp\/v2\/posts\/14994"}],"collection":[{"href":"http:\/\/intervallenato.com\/inicio\/wp-json\/wp\/v2\/posts"}],"about":[{"href":"http:\/\/intervallenato.com\/inicio\/wp-json\/wp\/v2\/types\/post"}],"author":[{"embeddable":true,"href":"http:\/\/intervallenato.com\/inicio\/wp-json\/wp\/v2\/users\/2"}],"replies":[{"embeddable":true,"href":"http:\/\/intervallenato.com\/inicio\/wp-json\/wp\/v2\/comments?post=14994"}],"version-history":[{"count":7,"href":"http:\/\/intervallenato.com\/inicio\/wp-json\/wp\/v2\/posts\/14994\/revisions"}],"predecessor-version":[{"id":15002,"href":"http:\/\/intervallenato.com\/inicio\/wp-json\/wp\/v2\/posts\/14994\/revisions\/15002"}],"wp:featuredmedia":[{"embeddable":true,"href":"http:\/\/intervallenato.com\/inicio\/wp-json\/wp\/v2\/media\/14995"}],"wp:attachment":[{"href":"http:\/\/intervallenato.com\/inicio\/wp-json\/wp\/v2\/media?parent=14994"}],"wp:term":[{"taxonomy":"category","embeddable":true,"href":"http:\/\/intervallenato.com\/inicio\/wp-json\/wp\/v2\/categories?post=14994"},{"taxonomy":"post_tag","embeddable":true,"href":"http:\/\/intervallenato.com\/inicio\/wp-json\/wp\/v2\/tags?post=14994"}],"curies":[{"name":"wp","href":"https:\/\/api.w.org\/{rel}","templated":true}]}}