{"id":1656,"date":"2010-11-01T21:01:59","date_gmt":"2010-11-01T21:01:59","guid":{"rendered":"http:\/\/intervallenato.com\/inicio\/?p=1656"},"modified":"2010-11-01T21:01:59","modified_gmt":"2010-11-01T21:01:59","slug":"en-medio-de-versos-se-separaron-ivan-villazon-e-ivan-zuleta","status":"publish","type":"post","link":"http:\/\/intervallenato.com\/inicio\/en-medio-de-versos-se-separaron-ivan-villazon-e-ivan-zuleta\/","title":{"rendered":"En medio de versos se separaron Iv\u00e1n Villaz\u00f3n e Iv\u00e1n Zuleta"},"content":{"rendered":"<p><img decoding=\"async\" src=\"http:\/\/intervallenato.com\/inicio\/..\/web\/images\/stories\/stories\/ivanvillazondando20.jpg\" style=\"display: block; margin-left: auto; margin-right: auto;\" \/><\/p>\n<p>En plena tarima y a punta de versos, se separaron Iv\u00e1n Villaz\u00f3n e Iv\u00e1n Zuleta, en las fiestas del Festival de Chin\u00fa (C\u00f3rdoba), en la madrugada del primero de noviembre, conoci\u00f3 en primicia Intervallenato.com.<\/p>\n<p>Villaz\u00f3n y Zuleta, tocaron el s\u00e1bado en Villavicencio en el denominado \u2018Duelo de Titanes\u2019, que en Bogot\u00e1 no se realiz\u00f3 por falta de un permiso. All\u00ed, alternaron con Silvestre Dangond y Juancho de la Espriella. Silvestre invit\u00f3 a la tarima a Iv\u00e1n Zuleta, y juntos, tocaron una canci\u00f3n de Diomedes D\u00edaz, recordando as\u00ed al \u2018Cacique de la Junta\u2019.<\/p>\n<p>A partir de ah\u00ed, comenzaron las diferencias y \u00e9ste lunes, primero de noviembre\u2019 a las 4 de la madrugada, en plena tarima del Festival de Chin\u00fa, Iv\u00e1n Villaz\u00f3n comenz\u00f3 a echar unos versos y Zuleta, a responder en el trance de una verdadera piquer\u00eda donde aflor\u00f3 el descontento y se le puso punto final a la \u2018La Uni\u00f3n Perfecta\u2019, como se llamaba tambi\u00e9n a esta agrupaci\u00f3n.<\/p>\n<p>Al filo de las 5 de la ma\u00f1ana, Iv\u00e1n Villaz\u00f3n, su representante Mauricio Rodr\u00edguez y el acordeonero Iv\u00e1n Zuleta, dialogaron en el bus y finiquitaron todo. \u201cCompadre, hasta aqu\u00ed llegamos nosotros; ya no vamos m\u00e1s\u2026\u201d. Zuleta, respondi\u00f3, \u201cTocayo yo respeto su decisi\u00f3n y agradezco su oportunidad\u201d.<\/p>\n<p>Intervallenato.com, tambi\u00e9n conoci\u00f3 que el presentador Korac P\u00e9rez, no fue al baile de Villavicencio el d\u00eda s\u00e1bado y al parecer, tambi\u00e9n existen unas diferencias que se subsanar\u00e1n esta semana para evitar otro punto final.<\/p>\n<p>Iv\u00e1n Villaz\u00f3n e Iv\u00e1n Zuleta, grabaron dos discos: Pa\u2019 que te enamores y Dando lidia. A \u00e9ste \u00faltimo \u00e1lbum le alcanzaron a realizar dos videos: \u2018La persona de mi vida\u2019 y \u2018Ning\u00fan guapo n\u00e1\u2019, muy pr\u00f3ximos a ser lanzados.<\/p>\n<p><b>Compromisos y futuro<\/b><\/p>\n<p>La agrupaci\u00f3n de Iv\u00e1n Villaz\u00f3n cumplir\u00e1 este jueves, 4 de noviembre, con el famoso \u2018Duelo de titanes\u2019 en Bogot\u00e1, al lado de Silvestre Dangond en la discoteca Down Town; el s\u00e1bado 6, tendr\u00e1 un doblete en Valledupar con un evento privado y un concierto para Palmolive.<\/p>\n<p>Intervallenato.com, conoci\u00f3 que el acordeonero Sa\u00fal Lallemand, ser\u00e1 llamado para reemplazar transitoriamente a Iv\u00e1n Zuleta.<\/p>\n<p>Allegados a los artistas intermediar\u00e1n por un pronto reconcilio para no causar perjuicios a las expectativas comerciales del \u00e1lbum \u2018Dando lidia\u2019.<\/p>\n<p>Asimismo, se conocieron nombres de posibles acordeoneros para Iv\u00e1n Villaz\u00f3n, citando a Sa\u00fal Lallemand, quien fue invitado por Calle 13 a unos conciertos en el exterior y ya se encuentra en Colombia; Gregorio \u2018Goyo\u2019 Oviedo; los j\u00f3venes Javier Matta Jr., Rolando Ochoa, Oscar Bonilla y Fernando Rangel.<\/p>\n<p>A Zuleta, ya le hacen \u2018uniones\u2019 con Rafael Santos y hasta el mismo Diomedes D\u00edaz.<\/p>\n<p><a><\/a><\/p>\n<p><b>Por Intervallenato.com \/ Paul Bola\u00f1o Saurith<\/b><\/p>\n","protected":false},"excerpt":{"rendered":"<p>En plena tarima y a punta de versos, se separaron Iv\u00e1n Villaz\u00f3n e Iv\u00e1n Zuleta, en las fiestas del Festival de Chin\u00fa (C\u00f3rdoba), en la madrugada del primero de noviembre, conoci\u00f3 en primicia Intervallenato.com. Villaz\u00f3n y Zuleta, tocaron el s\u00e1bado en Villavicencio en el denominado \u2018Duelo de Titanes\u2019, que en Bogot\u00e1 no se realiz\u00f3 por [&hellip;]<\/p>\n","protected":false},"author":5,"featured_media":0,"comment_status":"open","ping_status":"open","sticky":false,"template":"","format":"standard","meta":{"footnotes":""},"categories":[1],"tags":[],"_links":{"self":[{"href":"http:\/\/intervallenato.com\/inicio\/wp-json\/wp\/v2\/posts\/1656"}],"collection":[{"href":"http:\/\/intervallenato.com\/inicio\/wp-json\/wp\/v2\/posts"}],"about":[{"href":"http:\/\/intervallenato.com\/inicio\/wp-json\/wp\/v2\/types\/post"}],"author":[{"embeddable":true,"href":"http:\/\/intervallenato.com\/inicio\/wp-json\/wp\/v2\/users\/5"}],"replies":[{"embeddable":true,"href":"http:\/\/intervallenato.com\/inicio\/wp-json\/wp\/v2\/comments?post=1656"}],"version-history":[{"count":0,"href":"http:\/\/intervallenato.com\/inicio\/wp-json\/wp\/v2\/posts\/1656\/revisions"}],"wp:attachment":[{"href":"http:\/\/intervallenato.com\/inicio\/wp-json\/wp\/v2\/media?parent=1656"}],"wp:term":[{"taxonomy":"category","embeddable":true,"href":"http:\/\/intervallenato.com\/inicio\/wp-json\/wp\/v2\/categories?post=1656"},{"taxonomy":"post_tag","embeddable":true,"href":"http:\/\/intervallenato.com\/inicio\/wp-json\/wp\/v2\/tags?post=1656"}],"curies":[{"name":"wp","href":"https:\/\/api.w.org\/{rel}","templated":true}]}}