{"id":41189,"date":"2025-05-05T10:00:00","date_gmt":"2025-05-05T15:00:00","guid":{"rendered":"https:\/\/intervallenato.com\/inicio\/?p=41189"},"modified":"2025-05-05T11:21:52","modified_gmt":"2025-05-05T16:21:52","slug":"diomedes-de-jesus-aplaudido-en-barrancabermeja-santander","status":"publish","type":"post","link":"http:\/\/intervallenato.com\/inicio\/diomedes-de-jesus-aplaudido-en-barrancabermeja-santander\/","title":{"rendered":"Diomedes de Jes\u00fas, aplaudido en Barrancabermeja \u2013 Santander"},"content":{"rendered":"\n<p>El joven artista Diomedes de Jes\u00fas fue aplaudido en su espectacular concierto en el Festival del Bollo que se realiz\u00f3 en Barrancabermeja \u2013 Santander, el pasado fin de semana.<\/p>\n\n\n\n<p>Diomedes de Jes\u00fas y Jos\u00e9 Mario O\u00f1ate, fueron los artistas vallenatos que pusieron ese sabor parrandero en este importante evento.<\/p>\n\n\n\n<p>Los artistas interpretaron canciones como: \u2018Besar y besar\u2019, \u2018Conmigo no\u2019, \u2018Un trago por los dos\u2019 y recordaron ese legado musical de Diomedes Diaz, como \u2018Bonita\u2019, \u2018El beso\u2019, \u2018Bonita\u2019 y \u2018El c\u00f3ndor herido\u2019.<\/p>\n\n\n\n<p>Cada fin de semana, Diomedes de Jes\u00fas, sigue en los grandes conciertos de Colombia.<\/p>\n\n\n\n<figure class=\"wp-block-image size-large\"><a href=\"https:\/\/intervallenato.com\/inicio\/wp-content\/uploads\/2025\/05\/4607b558-24c5-4527-84fd-dfad717a2d6f.jpeg\"><img decoding=\"async\" loading=\"lazy\" width=\"1024\" height=\"683\" src=\"https:\/\/intervallenato.com\/inicio\/wp-content\/uploads\/2025\/05\/4607b558-24c5-4527-84fd-dfad717a2d6f-1024x683.jpeg\" alt=\"\" class=\"wp-image-41190\" srcset=\"http:\/\/intervallenato.com\/inicio\/wp-content\/uploads\/2025\/05\/4607b558-24c5-4527-84fd-dfad717a2d6f-1024x683.jpeg 1024w, http:\/\/intervallenato.com\/inicio\/wp-content\/uploads\/2025\/05\/4607b558-24c5-4527-84fd-dfad717a2d6f-300x200.jpeg 300w, http:\/\/intervallenato.com\/inicio\/wp-content\/uploads\/2025\/05\/4607b558-24c5-4527-84fd-dfad717a2d6f-768x512.jpeg 768w, http:\/\/intervallenato.com\/inicio\/wp-content\/uploads\/2025\/05\/4607b558-24c5-4527-84fd-dfad717a2d6f-555x370.jpeg 555w, http:\/\/intervallenato.com\/inicio\/wp-content\/uploads\/2025\/05\/4607b558-24c5-4527-84fd-dfad717a2d6f.jpeg 1296w\" sizes=\"(max-width: 1024px) 100vw, 1024px\" \/><\/a><\/figure>\n","protected":false},"excerpt":{"rendered":"<p>El joven artista Diomedes de Jes\u00fas fue aplaudido en su espectacular concierto en el Festival del Bollo que se realiz\u00f3 en Barrancabermeja \u2013 Santander, el pasado fin de semana. Diomedes de Jes\u00fas y Jos\u00e9 Mario O\u00f1ate, fueron los artistas vallenatos que pusieron ese sabor parrandero en este importante evento. Los artistas interpretaron canciones como: \u2018Besar [&hellip;]<\/p>\n","protected":false},"author":2,"featured_media":41191,"comment_status":"open","ping_status":"closed","sticky":false,"template":"","format":"standard","meta":{"footnotes":""},"categories":[9,1],"tags":[],"_links":{"self":[{"href":"http:\/\/intervallenato.com\/inicio\/wp-json\/wp\/v2\/posts\/41189"}],"collection":[{"href":"http:\/\/intervallenato.com\/inicio\/wp-json\/wp\/v2\/posts"}],"about":[{"href":"http:\/\/intervallenato.com\/inicio\/wp-json\/wp\/v2\/types\/post"}],"author":[{"embeddable":true,"href":"http:\/\/intervallenato.com\/inicio\/wp-json\/wp\/v2\/users\/2"}],"replies":[{"embeddable":true,"href":"http:\/\/intervallenato.com\/inicio\/wp-json\/wp\/v2\/comments?post=41189"}],"version-history":[{"count":1,"href":"http:\/\/intervallenato.com\/inicio\/wp-json\/wp\/v2\/posts\/41189\/revisions"}],"predecessor-version":[{"id":41192,"href":"http:\/\/intervallenato.com\/inicio\/wp-json\/wp\/v2\/posts\/41189\/revisions\/41192"}],"wp:featuredmedia":[{"embeddable":true,"href":"http:\/\/intervallenato.com\/inicio\/wp-json\/wp\/v2\/media\/41191"}],"wp:attachment":[{"href":"http:\/\/intervallenato.com\/inicio\/wp-json\/wp\/v2\/media?parent=41189"}],"wp:term":[{"taxonomy":"category","embeddable":true,"href":"http:\/\/intervallenato.com\/inicio\/wp-json\/wp\/v2\/categories?post=41189"},{"taxonomy":"post_tag","embeddable":true,"href":"http:\/\/intervallenato.com\/inicio\/wp-json\/wp\/v2\/tags?post=41189"}],"curies":[{"name":"wp","href":"https:\/\/api.w.org\/{rel}","templated":true}]}}