{"id":44560,"date":"2026-08-31T08:40:00","date_gmt":"2026-08-31T13:40:00","guid":{"rendered":"https:\/\/intervallenato.com\/inicio\/?p=44560"},"modified":"2026-08-31T09:45:54","modified_gmt":"2026-08-31T14:45:54","slug":"furor-vallenato-ivan-villazon-hace-vibrar-a-bolivar-y-se-prepara-para-encender-el-amor-y-amistad-en-barranquilla","status":"publish","type":"post","link":"http:\/\/intervallenato.com\/inicio\/furor-vallenato-ivan-villazon-hace-vibrar-a-bolivar-y-se-prepara-para-encender-el-amor-y-amistad-en-barranquilla\/","title":{"rendered":"\u00a1Furor vallenato! Iv\u00e1n Villaz\u00f3n hace vibrar a Bol\u00edvar y se prepara para encender el Amor y Amistad en Barranquilla"},"content":{"rendered":"\n<p>Iv\u00e1n Villaz\u00f3n, sigue demostrando su poder de convocatoria y tuvo un fin de semana exitoso con sus dos presentaciones en el Country Club de Barranquilla y las fiestas de Santa Rosa de Lima (Bol\u00edvar), donde el p\u00fablico termin\u00f3 pidiendo: \u201c\u00a1otra, otra, otra!\u201d<\/p>\n\n\n\n<p>Villaz\u00f3n y sus tres acordeoneros Tuto L\u00f3pez, Jer\u00f3nimo Villaz\u00f3n y Jes\u00fas Ballestas \u2018El Tigrillo, ofrecieron dos conciertos de gran nivel que sigue cautivando las plazas de Colombia.<\/p>\n\n\n\n<p>La fiesta no se detiene y este s\u00e1bado 5 de septiembre, Iv\u00e1n Villaz\u00f3n celebrar\u00e1 la primera fecha de Amor y Amistad en la discoteca Moys en Barranquilla, donde hay un gran entusiasmo por este espect\u00e1culo musical para todos los enamorados.<\/p>\n\n\n\n<figure class=\"wp-block-image size-large\"><a href=\"https:\/\/intervallenato.com\/inicio\/wp-content\/uploads\/2026\/08\/6f806f11-95bb-4ff4-ae17-ca08f785281a.jpeg\"><img decoding=\"async\" loading=\"lazy\" width=\"1024\" height=\"768\" src=\"https:\/\/intervallenato.com\/inicio\/wp-content\/uploads\/2026\/08\/6f806f11-95bb-4ff4-ae17-ca08f785281a-1024x768.jpeg\" alt=\"\" class=\"wp-image-44562\" srcset=\"http:\/\/intervallenato.com\/inicio\/wp-content\/uploads\/2026\/08\/6f806f11-95bb-4ff4-ae17-ca08f785281a-1024x768.jpeg 1024w, http:\/\/intervallenato.com\/inicio\/wp-content\/uploads\/2026\/08\/6f806f11-95bb-4ff4-ae17-ca08f785281a-300x225.jpeg 300w, http:\/\/intervallenato.com\/inicio\/wp-content\/uploads\/2026\/08\/6f806f11-95bb-4ff4-ae17-ca08f785281a-768x576.jpeg 768w, http:\/\/intervallenato.com\/inicio\/wp-content\/uploads\/2026\/08\/6f806f11-95bb-4ff4-ae17-ca08f785281a-1536x1152.jpeg 1536w, http:\/\/intervallenato.com\/inicio\/wp-content\/uploads\/2026\/08\/6f806f11-95bb-4ff4-ae17-ca08f785281a.jpeg 1600w\" sizes=\"(max-width: 1024px) 100vw, 1024px\" \/><\/a><\/figure>\n","protected":false},"excerpt":{"rendered":"<p>Iv\u00e1n Villaz\u00f3n, sigue demostrando su poder de convocatoria y tuvo un fin de semana exitoso con sus dos presentaciones en el Country Club de Barranquilla y las fiestas de Santa Rosa de Lima (Bol\u00edvar), donde el p\u00fablico termin\u00f3 pidiendo: \u201c\u00a1otra, otra, otra!\u201d Villaz\u00f3n y sus tres acordeoneros Tuto L\u00f3pez, Jer\u00f3nimo Villaz\u00f3n y Jes\u00fas Ballestas \u2018El [&hellip;]<\/p>\n","protected":false},"author":2,"featured_media":44561,"comment_status":"open","ping_status":"closed","sticky":false,"template":"","format":"standard","meta":{"footnotes":""},"categories":[1,55],"tags":[],"_links":{"self":[{"href":"http:\/\/intervallenato.com\/inicio\/wp-json\/wp\/v2\/posts\/44560"}],"collection":[{"href":"http:\/\/intervallenato.com\/inicio\/wp-json\/wp\/v2\/posts"}],"about":[{"href":"http:\/\/intervallenato.com\/inicio\/wp-json\/wp\/v2\/types\/post"}],"author":[{"embeddable":true,"href":"http:\/\/intervallenato.com\/inicio\/wp-json\/wp\/v2\/users\/2"}],"replies":[{"embeddable":true,"href":"http:\/\/intervallenato.com\/inicio\/wp-json\/wp\/v2\/comments?post=44560"}],"version-history":[{"count":2,"href":"http:\/\/intervallenato.com\/inicio\/wp-json\/wp\/v2\/posts\/44560\/revisions"}],"predecessor-version":[{"id":44566,"href":"http:\/\/intervallenato.com\/inicio\/wp-json\/wp\/v2\/posts\/44560\/revisions\/44566"}],"wp:featuredmedia":[{"embeddable":true,"href":"http:\/\/intervallenato.com\/inicio\/wp-json\/wp\/v2\/media\/44561"}],"wp:attachment":[{"href":"http:\/\/intervallenato.com\/inicio\/wp-json\/wp\/v2\/media?parent=44560"}],"wp:term":[{"taxonomy":"category","embeddable":true,"href":"http:\/\/intervallenato.com\/inicio\/wp-json\/wp\/v2\/categories?post=44560"},{"taxonomy":"post_tag","embeddable":true,"href":"http:\/\/intervallenato.com\/inicio\/wp-json\/wp\/v2\/tags?post=44560"}],"curies":[{"name":"wp","href":"https:\/\/api.w.org\/{rel}","templated":true}]}}