{"id":44567,"date":"2026-08-31T09:47:38","date_gmt":"2026-08-31T14:47:38","guid":{"rendered":"https:\/\/intervallenato.com\/inicio\/?p=44567"},"modified":"2026-08-31T09:47:39","modified_gmt":"2026-08-31T14:47:39","slug":"fawell-solano-y-kiko-ramos-entran-en-la-recta-final-de-su-nuevo-album-en-las-manos-de-dios","status":"publish","type":"post","link":"http:\/\/intervallenato.com\/inicio\/fawell-solano-y-kiko-ramos-entran-en-la-recta-final-de-su-nuevo-album-en-las-manos-de-dios\/","title":{"rendered":"Fawell Solano y Kiko Ramos entran en la recta final de su nuevo \u00e1lbum \u2018En las manos de Dios\u2019"},"content":{"rendered":"\n<p>A paso firme avanza la grabaci\u00f3n de la nueva producci\u00f3n discogr\u00e1fica del cantante Fawell Solano y el acordeonero Kiko Ramos, un trabajo que llevar\u00e1 por t\u00edtulo \u2018En las manos de Dios\u2019 y cuyo lanzamiento est\u00e1 programado para este segundo semestre del a\u00f1o.<\/p>\n\n\n\n<p>El proyecto se adelanta en los estudios de Javier Mugno en Valledupar. Para garantizar un sonido de la m\u00e1s alta calidad, la producci\u00f3n cuenta con el respaldo del productor Carlos V\u00e1squez y la participaci\u00f3n de destacados m\u00fasicos de la industria vallenata, entre ellos los bajistas Oscar Tilano, Braulio Tilano y Erick Mart\u00ednez, as\u00ed como los guitarristas Eugenio G\u00e1mez, Tito Manjarr\u00e9s, Juanpa y Concha.<\/p>\n\n\n\n<p>El artista, oriundo de Fonseca (La Guajira), ya encendi\u00f3 los motores de su campa\u00f1a de expectativa en plataformas digitales y medios de comunicaci\u00f3n, preparando a los amantes del folclor para lo que promete ser uno de los lanzamientos m\u00e1s importantes de la temporada.<\/p>\n","protected":false},"excerpt":{"rendered":"<p>A paso firme avanza la grabaci\u00f3n de la nueva producci\u00f3n discogr\u00e1fica del cantante Fawell Solano y el acordeonero Kiko Ramos, un trabajo que llevar\u00e1 por t\u00edtulo \u2018En las manos de Dios\u2019 y cuyo lanzamiento est\u00e1 programado para este segundo semestre del a\u00f1o. El proyecto se adelanta en los estudios de Javier Mugno en Valledupar. Para [&hellip;]<\/p>\n","protected":false},"author":2,"featured_media":44569,"comment_status":"open","ping_status":"closed","sticky":false,"template":"","format":"standard","meta":{"footnotes":""},"categories":[1,55],"tags":[],"_links":{"self":[{"href":"http:\/\/intervallenato.com\/inicio\/wp-json\/wp\/v2\/posts\/44567"}],"collection":[{"href":"http:\/\/intervallenato.com\/inicio\/wp-json\/wp\/v2\/posts"}],"about":[{"href":"http:\/\/intervallenato.com\/inicio\/wp-json\/wp\/v2\/types\/post"}],"author":[{"embeddable":true,"href":"http:\/\/intervallenato.com\/inicio\/wp-json\/wp\/v2\/users\/2"}],"replies":[{"embeddable":true,"href":"http:\/\/intervallenato.com\/inicio\/wp-json\/wp\/v2\/comments?post=44567"}],"version-history":[{"count":1,"href":"http:\/\/intervallenato.com\/inicio\/wp-json\/wp\/v2\/posts\/44567\/revisions"}],"predecessor-version":[{"id":44570,"href":"http:\/\/intervallenato.com\/inicio\/wp-json\/wp\/v2\/posts\/44567\/revisions\/44570"}],"wp:featuredmedia":[{"embeddable":true,"href":"http:\/\/intervallenato.com\/inicio\/wp-json\/wp\/v2\/media\/44569"}],"wp:attachment":[{"href":"http:\/\/intervallenato.com\/inicio\/wp-json\/wp\/v2\/media?parent=44567"}],"wp:term":[{"taxonomy":"category","embeddable":true,"href":"http:\/\/intervallenato.com\/inicio\/wp-json\/wp\/v2\/categories?post=44567"},{"taxonomy":"post_tag","embeddable":true,"href":"http:\/\/intervallenato.com\/inicio\/wp-json\/wp\/v2\/tags?post=44567"}],"curies":[{"name":"wp","href":"https:\/\/api.w.org\/{rel}","templated":true}]}}