{"id":44571,"date":"2026-08-31T13:36:00","date_gmt":"2026-08-31T18:36:00","guid":{"rendered":"https:\/\/intervallenato.com\/inicio\/?p=44571"},"modified":"2026-09-01T08:37:49","modified_gmt":"2026-09-01T13:37:49","slug":"silvestre-dangond-el-artista-estelar-del-concierto-de-la-feria-de-bucaramanga","status":"publish","type":"post","link":"http:\/\/intervallenato.com\/inicio\/silvestre-dangond-el-artista-estelar-del-concierto-de-la-feria-de-bucaramanga\/","title":{"rendered":"Silvestre Dangond, el artista estelar del concierto de la Feria de Bucaramanga"},"content":{"rendered":"\n<p>El cantante Silvestre Dangond es el artista estelar del Super Concierto de la Feria Bonita de Bucaramanga que se realizar\u00e1 este s\u00e1bado 5 de septiembre en el estadio Am\u00e9rico Montanini.<\/p>\n\n\n\n<p>El artista vallenato llegar\u00e1 a la &#8216;Ciudad Bonita&#8217; con una puesta en escena de primer nivel y un repertorio cargado de \u00e9xitos id\u00f3neo para complacer a su fanaticada.&nbsp;<\/p>\n\n\n\n<p>Silvestre Dangond, compartir\u00e1 escenario con Kevin Flores, Cristian Ahumada, Mauricio Rivera y Los Internacionales Rayos de M\u00e9xico.<\/p>\n","protected":false},"excerpt":{"rendered":"<p>El cantante Silvestre Dangond es el artista estelar del Super Concierto de la Feria Bonita de Bucaramanga que se realizar\u00e1 este s\u00e1bado 5 de septiembre en el estadio Am\u00e9rico Montanini. El artista vallenato llegar\u00e1 a la &#8216;Ciudad Bonita&#8217; con una puesta en escena de primer nivel y un repertorio cargado de \u00e9xitos id\u00f3neo para complacer [&hellip;]<\/p>\n","protected":false},"author":2,"featured_media":44572,"comment_status":"open","ping_status":"closed","sticky":false,"template":"","format":"standard","meta":{"footnotes":""},"categories":[1,55],"tags":[],"_links":{"self":[{"href":"http:\/\/intervallenato.com\/inicio\/wp-json\/wp\/v2\/posts\/44571"}],"collection":[{"href":"http:\/\/intervallenato.com\/inicio\/wp-json\/wp\/v2\/posts"}],"about":[{"href":"http:\/\/intervallenato.com\/inicio\/wp-json\/wp\/v2\/types\/post"}],"author":[{"embeddable":true,"href":"http:\/\/intervallenato.com\/inicio\/wp-json\/wp\/v2\/users\/2"}],"replies":[{"embeddable":true,"href":"http:\/\/intervallenato.com\/inicio\/wp-json\/wp\/v2\/comments?post=44571"}],"version-history":[{"count":1,"href":"http:\/\/intervallenato.com\/inicio\/wp-json\/wp\/v2\/posts\/44571\/revisions"}],"predecessor-version":[{"id":44573,"href":"http:\/\/intervallenato.com\/inicio\/wp-json\/wp\/v2\/posts\/44571\/revisions\/44573"}],"wp:featuredmedia":[{"embeddable":true,"href":"http:\/\/intervallenato.com\/inicio\/wp-json\/wp\/v2\/media\/44572"}],"wp:attachment":[{"href":"http:\/\/intervallenato.com\/inicio\/wp-json\/wp\/v2\/media?parent=44571"}],"wp:term":[{"taxonomy":"category","embeddable":true,"href":"http:\/\/intervallenato.com\/inicio\/wp-json\/wp\/v2\/categories?post=44571"},{"taxonomy":"post_tag","embeddable":true,"href":"http:\/\/intervallenato.com\/inicio\/wp-json\/wp\/v2\/tags?post=44571"}],"curies":[{"name":"wp","href":"https:\/\/api.w.org\/{rel}","templated":true}]}}