{"id":44574,"date":"2026-09-01T08:39:59","date_gmt":"2026-09-01T13:39:59","guid":{"rendered":"https:\/\/intervallenato.com\/inicio\/?p=44574"},"modified":"2026-09-01T08:40:00","modified_gmt":"2026-09-01T13:40:00","slug":"jorge-celedon-inicia-la-historia-mia-con-dos-espectaculares-conciertos-en-bogota-y-medellin","status":"publish","type":"post","link":"http:\/\/intervallenato.com\/inicio\/jorge-celedon-inicia-la-historia-mia-con-dos-espectaculares-conciertos-en-bogota-y-medellin\/","title":{"rendered":"Jorge Celed\u00f3n inicia \u2018La historia m\u00eda\u2019 con dos espectaculares conciertos en Bogot\u00e1 y Medell\u00edn"},"content":{"rendered":"\n<p>Con una expectativa que no para de crecer, Jorge Celed\u00f3n presentar\u00e1 \u2018La historia m\u00eda\u2019 con dos espectaculares conciertos que proponen un viaje inolvidable por su vida y obra musical, consolid\u00e1ndose como el plan perfecto para celebrar el mes de Amor y Amistad.<\/p>\n\n\n\n<p>Luego de colgar el cartel de sold out en sus imponentes presentaciones en la Arena Ciudad de M\u00e9xico y la Arena Monterrey durante el mundial de f\u00fatbol, el ganador de cinco Latin Grammy despliega su agenda oficial para Colombia:<\/p>\n\n\n\n<p>Jueves 17 de septiembre \u2013 Movistar Arena en Bogot\u00e1<\/p>\n\n\n\n<p>S\u00e1bado 26 de septiembre \u2013 Centro de Eventos La Macarena en Medell\u00edn.<\/p>\n\n\n\n<p>Cada show tendr\u00e1 una duraci\u00f3n de tres horas continuas, donde los asistentes disfrutar\u00e1n de una producci\u00f3n de primer nivel con imponentes puestas en escena, m\u00faltiples formatos y efectos especiales.&nbsp;<\/p>\n\n\n\n<p>Cl\u00e1sicos indiscutibles como: Ay hombe, Cuatro rosas, Parranda en El Cafetal, No podr\u00e1n separarnos, Por tu primer beso, Me voy de ti y Esta vida, formar\u00e1n parte de este deleite sonoro, que adem\u00e1s contar\u00e1 con invitados especiales.<\/p>\n\n\n\n<p>La producci\u00f3n de esta gran gira est\u00e1 a cargo de Fenix Entertainment, firma internacional reconocida por desarrollar los conciertos de estrellas de la talla de Shakira, Luis Miguel, Maluma y Marc Anthony, seg\u00fan confirm\u00f3 Ponchito Castro, manager del artista.<\/p>\n","protected":false},"excerpt":{"rendered":"<p>Con una expectativa que no para de crecer, Jorge Celed\u00f3n presentar\u00e1 \u2018La historia m\u00eda\u2019 con dos espectaculares conciertos que proponen un viaje inolvidable por su vida y obra musical, consolid\u00e1ndose como el plan perfecto para celebrar el mes de Amor y Amistad. Luego de colgar el cartel de sold out en sus imponentes presentaciones en [&hellip;]<\/p>\n","protected":false},"author":2,"featured_media":44575,"comment_status":"open","ping_status":"closed","sticky":false,"template":"","format":"standard","meta":{"footnotes":""},"categories":[1,55],"tags":[],"_links":{"self":[{"href":"http:\/\/intervallenato.com\/inicio\/wp-json\/wp\/v2\/posts\/44574"}],"collection":[{"href":"http:\/\/intervallenato.com\/inicio\/wp-json\/wp\/v2\/posts"}],"about":[{"href":"http:\/\/intervallenato.com\/inicio\/wp-json\/wp\/v2\/types\/post"}],"author":[{"embeddable":true,"href":"http:\/\/intervallenato.com\/inicio\/wp-json\/wp\/v2\/users\/2"}],"replies":[{"embeddable":true,"href":"http:\/\/intervallenato.com\/inicio\/wp-json\/wp\/v2\/comments?post=44574"}],"version-history":[{"count":1,"href":"http:\/\/intervallenato.com\/inicio\/wp-json\/wp\/v2\/posts\/44574\/revisions"}],"predecessor-version":[{"id":44576,"href":"http:\/\/intervallenato.com\/inicio\/wp-json\/wp\/v2\/posts\/44574\/revisions\/44576"}],"wp:featuredmedia":[{"embeddable":true,"href":"http:\/\/intervallenato.com\/inicio\/wp-json\/wp\/v2\/media\/44575"}],"wp:attachment":[{"href":"http:\/\/intervallenato.com\/inicio\/wp-json\/wp\/v2\/media?parent=44574"}],"wp:term":[{"taxonomy":"category","embeddable":true,"href":"http:\/\/intervallenato.com\/inicio\/wp-json\/wp\/v2\/categories?post=44574"},{"taxonomy":"post_tag","embeddable":true,"href":"http:\/\/intervallenato.com\/inicio\/wp-json\/wp\/v2\/tags?post=44574"}],"curies":[{"name":"wp","href":"https:\/\/api.w.org\/{rel}","templated":true}]}}