{"id":44577,"date":"2026-09-01T09:05:51","date_gmt":"2026-09-01T14:05:51","guid":{"rendered":"https:\/\/intervallenato.com\/inicio\/?p=44577"},"modified":"2026-09-01T09:05:51","modified_gmt":"2026-09-01T14:05:51","slug":"gira-monumental-jean-carlos-centeno-conquista-mexico-y-anuncia-tour-por-cuatro-paises-en-septiembre-colombia-venezuela-panama-y-estados-unidos","status":"publish","type":"post","link":"http:\/\/intervallenato.com\/inicio\/gira-monumental-jean-carlos-centeno-conquista-mexico-y-anuncia-tour-por-cuatro-paises-en-septiembre-colombia-venezuela-panama-y-estados-unidos\/","title":{"rendered":"\u00a1Gira monumental! Jean Carlos Centeno conquista M\u00e9xico y anuncia tour por cuatro pa\u00edses en septiembre: Colombia, Venezuela, Panam\u00e1 y Estados Unidos"},"content":{"rendered":"\n<p>Tras un hist\u00f3rico &#8216;sold out&#8217; en la Arena Monterrey de M\u00e9xico, el pasado fin de semana, el artista Jean Carlos Centeno celebrar\u00e1 el mes de Amor y Amistad con una intensa agenda en Colombia, Venezuela, Panam\u00e1 y Estados Unidos.<\/p>\n\n\n\n<p>Lino Villalobos, manager de la agrupaci\u00f3n de Jean Carlos Centeno y Ronald Urbina, entreg\u00f3 oficialmente la agenda de conciertos:<\/p>\n\n\n\n<p>5 de septiembre: Medell\u00edn &#8211; p\u00fablico<\/p>\n\n\n\n<p>5 de septiembre: Rionegro \u2013 Antioquia \u2013 privado<\/p>\n\n\n\n<p>6 de septiembre: La Estrella \u2013 Antioquia \u2013 p\u00fablico<\/p>\n\n\n\n<p>10 de septiembre: Caracas \u2013 Venezuela<\/p>\n\n\n\n<p>12 de septiembre: Ciudad de Panam\u00e1 \u2013 p\u00fablico<\/p>\n\n\n\n<p>13 de septiembre: Santa Rosa \u2013 Estados Unidos \u2013 p\u00fablico<\/p>\n\n\n\n<p>17 de septiembre: Bogot\u00e1 \u2013 Movistar Arena \u2013 p\u00fablico<\/p>\n\n\n\n<p>18 de septiembre: Denver \u2013 Estados Unidos<\/p>\n\n\n\n<p>19 de septiembre: Portland \u2013 Estados Unidos<\/p>\n\n\n\n<p>20 de septiembre: Miami \u2013 Estados Unidos<\/p>\n\n\n\n<p>24 de septiembre: Orlando \u2013 Estados Unidos<\/p>\n\n\n\n<p>25 de septiembre: Salt Lake City \u2013 Estados Unidos<\/p>\n\n\n\n<p>26 de septiembre: Atlanta \u2013 Estados Unidos<\/p>\n\n\n\n<p>27 de septiembre: Nashville \u2013 Estados Unidos<\/p>\n\n\n\n<p>Con este impresionante despliegue internacional, Jean Carlos Centeno y Ronald Urbina siguen conquistando al mundo y llenando los mejores escenarios con su vallenato rom\u00e1ntico.<\/p>\n","protected":false},"excerpt":{"rendered":"<p>Tras un hist\u00f3rico &#8216;sold out&#8217; en la Arena Monterrey de M\u00e9xico, el pasado fin de semana, el artista Jean Carlos Centeno celebrar\u00e1 el mes de Amor y Amistad con una intensa agenda en Colombia, Venezuela, Panam\u00e1 y Estados Unidos. Lino Villalobos, manager de la agrupaci\u00f3n de Jean Carlos Centeno y Ronald Urbina, entreg\u00f3 oficialmente la [&hellip;]<\/p>\n","protected":false},"author":2,"featured_media":44578,"comment_status":"open","ping_status":"closed","sticky":false,"template":"","format":"standard","meta":{"footnotes":""},"categories":[1,55],"tags":[],"_links":{"self":[{"href":"http:\/\/intervallenato.com\/inicio\/wp-json\/wp\/v2\/posts\/44577"}],"collection":[{"href":"http:\/\/intervallenato.com\/inicio\/wp-json\/wp\/v2\/posts"}],"about":[{"href":"http:\/\/intervallenato.com\/inicio\/wp-json\/wp\/v2\/types\/post"}],"author":[{"embeddable":true,"href":"http:\/\/intervallenato.com\/inicio\/wp-json\/wp\/v2\/users\/2"}],"replies":[{"embeddable":true,"href":"http:\/\/intervallenato.com\/inicio\/wp-json\/wp\/v2\/comments?post=44577"}],"version-history":[{"count":1,"href":"http:\/\/intervallenato.com\/inicio\/wp-json\/wp\/v2\/posts\/44577\/revisions"}],"predecessor-version":[{"id":44579,"href":"http:\/\/intervallenato.com\/inicio\/wp-json\/wp\/v2\/posts\/44577\/revisions\/44579"}],"wp:featuredmedia":[{"embeddable":true,"href":"http:\/\/intervallenato.com\/inicio\/wp-json\/wp\/v2\/media\/44578"}],"wp:attachment":[{"href":"http:\/\/intervallenato.com\/inicio\/wp-json\/wp\/v2\/media?parent=44577"}],"wp:term":[{"taxonomy":"category","embeddable":true,"href":"http:\/\/intervallenato.com\/inicio\/wp-json\/wp\/v2\/categories?post=44577"},{"taxonomy":"post_tag","embeddable":true,"href":"http:\/\/intervallenato.com\/inicio\/wp-json\/wp\/v2\/tags?post=44577"}],"curies":[{"name":"wp","href":"https:\/\/api.w.org\/{rel}","templated":true}]}}