{"id":44583,"date":"2026-09-02T10:34:15","date_gmt":"2026-09-02T15:34:15","guid":{"rendered":"https:\/\/intervallenato.com\/inicio\/?p=44583"},"modified":"2026-09-02T10:34:16","modified_gmt":"2026-09-02T15:34:16","slug":"turbo-puerto-carreno-y-fonseca-fueron-los-destinos-de-un-exitoso-fin-de-semana-para-elder-dayan-y-carlos-rueda","status":"publish","type":"post","link":"http:\/\/intervallenato.com\/inicio\/turbo-puerto-carreno-y-fonseca-fueron-los-destinos-de-un-exitoso-fin-de-semana-para-elder-dayan-y-carlos-rueda\/","title":{"rendered":"Turbo, Puerto Carre\u00f1o y Fonseca fueron los destinos de un exitoso fin de semana para Elder Day\u00e1n y Carlos Rueda"},"content":{"rendered":"\n<p>Por Prensa Elder Day\u00e1n<\/p>\n\n\n\n<p>Elder Day\u00e1n cerr\u00f3 un exitoso fin de semana de presentaciones recorriendo diferentes regiones del pa\u00eds. El artista fue el encargado de acompa\u00f1ar la celebraci\u00f3n del cumplea\u00f1os del hermoso municipio de Turbo, Antioquia, donde comparti\u00f3 con sus habitantes una noche especial, llena de m\u00fasica y del cari\u00f1o de esta regi\u00f3n que tanto ama a El Cantor.&nbsp;<\/p>\n\n\n\n<p>Posteriormente, lleg\u00f3 a Puerto Carre\u00f1o, Vichada, para una fiesta p\u00fablica masiva en la que miles de personas disfrutaron de su concierto, y cerr\u00f3 su gira en Fonseca, La Guajira, durante el Festival del Retorno, una tierra que tambi\u00e9n le tiene un cari\u00f1o especial y donde, una vez m\u00e1s, fue recibido con los brazos abiertos.<\/p>\n\n\n\n<p>Cada presentaci\u00f3n estuvo marcada por el cari\u00f1o, los abrazos y la emoci\u00f3n de un p\u00fablico que disfruta del impecable show de este gran artista. Este gran momento tambi\u00e9n se refleja en la televisi\u00f3n colombiana, donde Elder Day\u00e1n avanza con \u00e9xito como jurado de Yo Me Llamo, programa que se mantiene en el primer lugar del rating nacional y que ha sido todo un \u00e9xito de audiencia.&nbsp;<\/p>\n\n\n\n<p>Con su presencia diaria en la pantalla y el respaldo de miles de personas en cada ciudad, el artista contin\u00faa consolid\u00e1ndose como uno de los nombres m\u00e1s queridos y reconocidos de Colombia. Adem\u00e1s, prepara una sorpresa musical para septiembre que muy pronto estar\u00e1 anunciando y compartiendo con sus seguidores, una propuesta especial con la que promete seguir sorprendiendo a su p\u00fablico.<\/p>\n","protected":false},"excerpt":{"rendered":"<p>Por Prensa Elder Day\u00e1n Elder Day\u00e1n cerr\u00f3 un exitoso fin de semana de presentaciones recorriendo diferentes regiones del pa\u00eds. El artista fue el encargado de acompa\u00f1ar la celebraci\u00f3n del cumplea\u00f1os del hermoso municipio de Turbo, Antioquia, donde comparti\u00f3 con sus habitantes una noche especial, llena de m\u00fasica y del cari\u00f1o de esta regi\u00f3n que tanto [&hellip;]<\/p>\n","protected":false},"author":2,"featured_media":44531,"comment_status":"open","ping_status":"closed","sticky":false,"template":"","format":"standard","meta":{"footnotes":""},"categories":[1,55],"tags":[],"_links":{"self":[{"href":"http:\/\/intervallenato.com\/inicio\/wp-json\/wp\/v2\/posts\/44583"}],"collection":[{"href":"http:\/\/intervallenato.com\/inicio\/wp-json\/wp\/v2\/posts"}],"about":[{"href":"http:\/\/intervallenato.com\/inicio\/wp-json\/wp\/v2\/types\/post"}],"author":[{"embeddable":true,"href":"http:\/\/intervallenato.com\/inicio\/wp-json\/wp\/v2\/users\/2"}],"replies":[{"embeddable":true,"href":"http:\/\/intervallenato.com\/inicio\/wp-json\/wp\/v2\/comments?post=44583"}],"version-history":[{"count":1,"href":"http:\/\/intervallenato.com\/inicio\/wp-json\/wp\/v2\/posts\/44583\/revisions"}],"predecessor-version":[{"id":44584,"href":"http:\/\/intervallenato.com\/inicio\/wp-json\/wp\/v2\/posts\/44583\/revisions\/44584"}],"wp:featuredmedia":[{"embeddable":true,"href":"http:\/\/intervallenato.com\/inicio\/wp-json\/wp\/v2\/media\/44531"}],"wp:attachment":[{"href":"http:\/\/intervallenato.com\/inicio\/wp-json\/wp\/v2\/media?parent=44583"}],"wp:term":[{"taxonomy":"category","embeddable":true,"href":"http:\/\/intervallenato.com\/inicio\/wp-json\/wp\/v2\/categories?post=44583"},{"taxonomy":"post_tag","embeddable":true,"href":"http:\/\/intervallenato.com\/inicio\/wp-json\/wp\/v2\/tags?post=44583"}],"curies":[{"name":"wp","href":"https:\/\/api.w.org\/{rel}","templated":true}]}}