{"id":44591,"date":"2026-09-03T08:38:00","date_gmt":"2026-09-03T13:38:00","guid":{"rendered":"https:\/\/intervallenato.com\/inicio\/?p=44591"},"modified":"2026-09-03T09:18:12","modified_gmt":"2026-09-03T14:18:12","slug":"escandalo-en-fonseca-la-guajira-descalifican-al-ganador-de-la-cancion-inedita-por-presentar-un-tema-de-hace-7-anos","status":"publish","type":"post","link":"http:\/\/intervallenato.com\/inicio\/escandalo-en-fonseca-la-guajira-descalifican-al-ganador-de-la-cancion-inedita-por-presentar-un-tema-de-hace-7-anos\/","title":{"rendered":"\u00a1Esc\u00e1ndalo en Fonseca \u2013 La Guajira! Descalifican al ganador de la Canci\u00f3n In\u00e9dita por presentar un tema de hace 7 a\u00f1os"},"content":{"rendered":"\n<p>El Consejo Directivo del Festival del Retorno de Fonseca, La Guajira, retir\u00f3 el primer puesto al compositor Tato Fragozo, tras descubrirse que la obra con la que coron\u00f3 la edici\u00f3n 52 del certamen ya hab\u00eda sido premiada en otro escenario del pa\u00eds.<\/p>\n\n\n\n<p>Fragozo hab\u00eda alcanzado la m\u00e1xima distinci\u00f3n con el tema \u2018Que se acabe todo\u2019. Sin embargo, una exhaustiva investigaci\u00f3n demostr\u00f3 que la canci\u00f3n no cumpl\u00eda con el requisito estricto de ser in\u00e9dita, ya que se coron\u00f3 ganadora en el Festival de Acordeoneros de Ayapel, C\u00f3rdoba, en abril de 2019. Como prueba reina, la organizaci\u00f3n difundi\u00f3 el registro en video de dicha presentaci\u00f3n en Facebook.<\/p>\n\n\n\n<p>Al violarse el reglamento de la competencia \u2014que proh\u00edbe la participaci\u00f3n de obras previamente difundidas, grabadas o expuestas al p\u00fablico\u2014, la junta directiva modific\u00f3 de inmediato el podio y despoj\u00f3 a Tato Fragozo de su premio.<\/p>\n\n\n\n<p>Con el reajuste de la organizaci\u00f3n, el nuevo cuadro de honor qued\u00f3 definido de la siguiente manera:<\/p>\n\n\n\n<p>Primer puesto: \u2018La voz de Dios\u2019 \u2013 Autor: Luis Alberto Prado<\/p>\n\n\n\n<p>Segundo puesto: \u2018Ni una m\u00e1s\u2019 \u2013 Autor: Ricardo Alfonso Escobar<\/p>\n\n\n\n<p>Tercer puesto: \u2018Hoy le canto al amor\u2019 \u2013 Autor: Tom\u00e1s Enrique Peralta<\/p>\n","protected":false},"excerpt":{"rendered":"<p>El Consejo Directivo del Festival del Retorno de Fonseca, La Guajira, retir\u00f3 el primer puesto al compositor Tato Fragozo, tras descubrirse que la obra con la que coron\u00f3 la edici\u00f3n 52 del certamen ya hab\u00eda sido premiada en otro escenario del pa\u00eds. Fragozo hab\u00eda alcanzado la m\u00e1xima distinci\u00f3n con el tema \u2018Que se acabe todo\u2019. [&hellip;]<\/p>\n","protected":false},"author":2,"featured_media":44592,"comment_status":"open","ping_status":"closed","sticky":false,"template":"","format":"standard","meta":{"footnotes":""},"categories":[1,55],"tags":[],"_links":{"self":[{"href":"http:\/\/intervallenato.com\/inicio\/wp-json\/wp\/v2\/posts\/44591"}],"collection":[{"href":"http:\/\/intervallenato.com\/inicio\/wp-json\/wp\/v2\/posts"}],"about":[{"href":"http:\/\/intervallenato.com\/inicio\/wp-json\/wp\/v2\/types\/post"}],"author":[{"embeddable":true,"href":"http:\/\/intervallenato.com\/inicio\/wp-json\/wp\/v2\/users\/2"}],"replies":[{"embeddable":true,"href":"http:\/\/intervallenato.com\/inicio\/wp-json\/wp\/v2\/comments?post=44591"}],"version-history":[{"count":1,"href":"http:\/\/intervallenato.com\/inicio\/wp-json\/wp\/v2\/posts\/44591\/revisions"}],"predecessor-version":[{"id":44593,"href":"http:\/\/intervallenato.com\/inicio\/wp-json\/wp\/v2\/posts\/44591\/revisions\/44593"}],"wp:featuredmedia":[{"embeddable":true,"href":"http:\/\/intervallenato.com\/inicio\/wp-json\/wp\/v2\/media\/44592"}],"wp:attachment":[{"href":"http:\/\/intervallenato.com\/inicio\/wp-json\/wp\/v2\/media?parent=44591"}],"wp:term":[{"taxonomy":"category","embeddable":true,"href":"http:\/\/intervallenato.com\/inicio\/wp-json\/wp\/v2\/categories?post=44591"},{"taxonomy":"post_tag","embeddable":true,"href":"http:\/\/intervallenato.com\/inicio\/wp-json\/wp\/v2\/tags?post=44591"}],"curies":[{"name":"wp","href":"https:\/\/api.w.org\/{rel}","templated":true}]}}