{"id":44594,"date":"2026-09-03T09:24:52","date_gmt":"2026-09-03T14:24:52","guid":{"rendered":"https:\/\/intervallenato.com\/inicio\/?p=44594"},"modified":"2026-09-03T09:24:53","modified_gmt":"2026-09-03T14:24:53","slug":"fin-de-una-era-natalia-curvelo-se-separa-de-su-manager-jose-lanao-y-busca-nuevo-timonel","status":"publish","type":"post","link":"http:\/\/intervallenato.com\/inicio\/fin-de-una-era-natalia-curvelo-se-separa-de-su-manager-jose-lanao-y-busca-nuevo-timonel\/","title":{"rendered":"\u00a1Fin de una era! Natalia Curvelo se separa de su m\u00e1nager Jos\u00e9 Lanao y busca nuevo timonel"},"content":{"rendered":"\n<p>La cantante vallenata Natalia Curvelo y su m\u00e1nager Jos\u00e9 Lanao cerraron un exitoso ciclo profesional tras siete a\u00f1os de alianza comercial.&nbsp;<\/p>\n\n\n\n<p>La artista, que se prepara para el lanzamiento de sus pr\u00f3ximas producciones musicales, inici\u00f3 oficialmente la b\u00fasqueda de un nuevo manejador con visi\u00f3n empresarial y fuertes conexiones en la industria del vallenato.<\/p>\n\n\n\n<p>A trav\u00e9s de un mensaje de gratitud, Curvelo reconoci\u00f3 la dedicaci\u00f3n de Lanao, clave para consolidar su marca y lograr importantes triunfos en las etapas m\u00e1s cruciales de su carrera. Ahora, la int\u00e9rprete apunta a una reestructuraci\u00f3n estrat\u00e9gica para llevar su agrupaci\u00f3n hacia nuevos horizontes.<\/p>\n\n\n\n<p><\/p>\n","protected":false},"excerpt":{"rendered":"<p>La cantante vallenata Natalia Curvelo y su m\u00e1nager Jos\u00e9 Lanao cerraron un exitoso ciclo profesional tras siete a\u00f1os de alianza comercial.&nbsp; La artista, que se prepara para el lanzamiento de sus pr\u00f3ximas producciones musicales, inici\u00f3 oficialmente la b\u00fasqueda de un nuevo manejador con visi\u00f3n empresarial y fuertes conexiones en la industria del vallenato. A trav\u00e9s [&hellip;]<\/p>\n","protected":false},"author":2,"featured_media":44596,"comment_status":"open","ping_status":"closed","sticky":false,"template":"","format":"standard","meta":{"footnotes":""},"categories":[1,55],"tags":[],"_links":{"self":[{"href":"http:\/\/intervallenato.com\/inicio\/wp-json\/wp\/v2\/posts\/44594"}],"collection":[{"href":"http:\/\/intervallenato.com\/inicio\/wp-json\/wp\/v2\/posts"}],"about":[{"href":"http:\/\/intervallenato.com\/inicio\/wp-json\/wp\/v2\/types\/post"}],"author":[{"embeddable":true,"href":"http:\/\/intervallenato.com\/inicio\/wp-json\/wp\/v2\/users\/2"}],"replies":[{"embeddable":true,"href":"http:\/\/intervallenato.com\/inicio\/wp-json\/wp\/v2\/comments?post=44594"}],"version-history":[{"count":1,"href":"http:\/\/intervallenato.com\/inicio\/wp-json\/wp\/v2\/posts\/44594\/revisions"}],"predecessor-version":[{"id":44597,"href":"http:\/\/intervallenato.com\/inicio\/wp-json\/wp\/v2\/posts\/44594\/revisions\/44597"}],"wp:featuredmedia":[{"embeddable":true,"href":"http:\/\/intervallenato.com\/inicio\/wp-json\/wp\/v2\/media\/44596"}],"wp:attachment":[{"href":"http:\/\/intervallenato.com\/inicio\/wp-json\/wp\/v2\/media?parent=44594"}],"wp:term":[{"taxonomy":"category","embeddable":true,"href":"http:\/\/intervallenato.com\/inicio\/wp-json\/wp\/v2\/categories?post=44594"},{"taxonomy":"post_tag","embeddable":true,"href":"http:\/\/intervallenato.com\/inicio\/wp-json\/wp\/v2\/tags?post=44594"}],"curies":[{"name":"wp","href":"https:\/\/api.w.org\/{rel}","templated":true}]}}